{"id":14883,"date":"2024-05-15T09:24:31","date_gmt":"2024-05-15T07:24:31","guid":{"rendered":"https:\/\/www.skyrocketx.com\/?p=14883"},"modified":"2024-05-15T09:24:33","modified_gmt":"2024-05-15T07:24:33","slug":"esvo-lautet-e-sport-saison-ein","status":"publish","type":"post","link":"https:\/\/www.skyrocketx.com\/en\/esvo-lautet-e-sport-saison-ein\/","title":{"rendered":"E-Sport WM und A1 Austrian eSports Festival im Sommer"},"content":{"rendered":"\n<style type=\"text\/css\" data-created_by=\"avia_inline_auto\" id=\"style-css-av-1d6esxw-d601a1e4d760068282f357beb5b2600e\">\n.flex_column.av-1d6esxw-d601a1e4d760068282f357beb5b2600e{\n-webkit-border-radius:0px 0px 0px 0px;\n-moz-border-radius:0px 0px 0px 0px;\nborder-radius:0px 0px 0px 0px;\npadding:0px 0px 0px 0px;\n}\n<\/style>\n<div class='flex_column av-1d6esxw-d601a1e4d760068282f357beb5b2600e av_two_third  avia-builder-el-0  el_before_av_one_third  avia-builder-el-first  first flex_column_div av-zero-column-padding '     ><section  class='av_textblock_section av-kev8ndtt-ec680a07ef8f5f0ab2d71a8d16878177'  itemscope=\"itemscope\" itemtype=\"https:\/\/schema.org\/BlogPosting\" itemprop=\"blogPost\" ><div class='avia_textblock'  itemprop=\"text\" ><h4><strong><span style=\"color: #007dac;\">PRESSEAUSSENDUNG<\/span><\/strong><\/h4>\n<p>Wien | Mittwoch, 15. Mai 2024<\/p>\n<\/div><\/section><br \/>\n\n<style type=\"text\/css\" data-created_by=\"avia_inline_auto\" id=\"style-css-av-kev8pgtr-5165fe1599131bba65eb359ce3a76314\">\n.avia-image-container.av-kev8pgtr-5165fe1599131bba65eb359ce3a76314 img.avia_image{\nbox-shadow:none;\n}\n.avia-image-container.av-kev8pgtr-5165fe1599131bba65eb359ce3a76314 .av-image-caption-overlay-center{\ncolor:#ffffff;\n}\n<\/style>\n<div  class='avia-image-container av-kev8pgtr-5165fe1599131bba65eb359ce3a76314 av-styling- avia-align-center  avia-builder-el-2  el_after_av_textblock  el_before_av_textblock '   itemprop=\"image\" itemscope=\"itemscope\" itemtype=\"https:\/\/schema.org\/ImageObject\" ><div class=\"avia-image-container-inner\"><div class=\"avia-image-overlay-wrap\"><a href=\"https:\/\/www.skyrocketx.com\/wp-content\/uploads\/2024\/05\/skyrocketx_newsblog_banner_e-sport-1030x387.jpg\" data-srcset=\"https:\/\/www.skyrocketx.com\/wp-content\/uploads\/2024\/05\/skyrocketx_newsblog_banner_e-sport-1030x387.jpg 1030w, https:\/\/www.skyrocketx.com\/wp-content\/uploads\/2024\/05\/skyrocketx_newsblog_banner_e-sport-300x113.jpg 300w, https:\/\/www.skyrocketx.com\/wp-content\/uploads\/2024\/05\/skyrocketx_newsblog_banner_e-sport-768x288.jpg 768w, https:\/\/www.skyrocketx.com\/wp-content\/uploads\/2024\/05\/skyrocketx_newsblog_banner_e-sport-1536x577.jpg 1536w, https:\/\/www.skyrocketx.com\/wp-content\/uploads\/2024\/05\/skyrocketx_newsblog_banner_e-sport-1500x563.jpg 1500w, https:\/\/www.skyrocketx.com\/wp-content\/uploads\/2024\/05\/skyrocketx_newsblog_banner_e-sport-705x265.jpg 705w, https:\/\/www.skyrocketx.com\/wp-content\/uploads\/2024\/05\/skyrocketx_newsblog_banner_e-sport.jpg 1833w\" data-sizes=\"(max-width: 1030px) 100vw, 1030px\" class='avia_image' ><img decoding=\"async\" class='wp-image-14884 avia-img-lazy-loading-not-14884 avia_image ' src=\"https:\/\/www.skyrocketx.com\/wp-content\/uploads\/2024\/05\/skyrocketx_newsblog_banner_e-sport.jpg\" alt='' title='skyrocketx_newsblog_banner_e-sport'  height=\"688\" width=\"1833\"  itemprop=\"thumbnailUrl\" srcset=\"https:\/\/www.skyrocketx.com\/wp-content\/uploads\/2024\/05\/skyrocketx_newsblog_banner_e-sport.jpg 1833w, https:\/\/www.skyrocketx.com\/wp-content\/uploads\/2024\/05\/skyrocketx_newsblog_banner_e-sport-300x113.jpg 300w, https:\/\/www.skyrocketx.com\/wp-content\/uploads\/2024\/05\/skyrocketx_newsblog_banner_e-sport-1030x387.jpg 1030w, https:\/\/www.skyrocketx.com\/wp-content\/uploads\/2024\/05\/skyrocketx_newsblog_banner_e-sport-768x288.jpg 768w, https:\/\/www.skyrocketx.com\/wp-content\/uploads\/2024\/05\/skyrocketx_newsblog_banner_e-sport-1536x577.jpg 1536w, https:\/\/www.skyrocketx.com\/wp-content\/uploads\/2024\/05\/skyrocketx_newsblog_banner_e-sport-1500x563.jpg 1500w, https:\/\/www.skyrocketx.com\/wp-content\/uploads\/2024\/05\/skyrocketx_newsblog_banner_e-sport-705x265.jpg 705w\" sizes=\"(max-width: 1833px) 100vw, 1833px\" \/><\/a><\/div><\/div><\/div><br \/>\n<section  class='av_textblock_section av-kev8ndtt-7-2171dfb48600f98ada751234f30a1f31'  itemscope=\"itemscope\" itemtype=\"https:\/\/schema.org\/BlogPosting\" itemprop=\"blogPost\" ><div class='avia_textblock'  itemprop=\"text\" ><p>Karina \u201cFoxxy\u201d Anders (Kapit\u00e4nin Nationalteam), Stefan Baloh (Pr\u00e4sident ESV\u00d6) und Georg \u201cfarmaG\u201d Bauer (Kapit\u00e4n Nationalteam) \u00a9 Florian Wieser<\/p>\n<\/div><\/section><br \/>\n\n<style type=\"text\/css\" data-created_by=\"avia_inline_auto\" id=\"style-css-av-ki4nmrzz-af4f6376fdabb548b6dcd2fa9db64063\">\n#top .hr.hr-invisible.av-ki4nmrzz-af4f6376fdabb548b6dcd2fa9db64063{\nheight:30px;\n}\n<\/style>\n<div  class='hr av-ki4nmrzz-af4f6376fdabb548b6dcd2fa9db64063 hr-invisible  avia-builder-el-4  el_after_av_textblock  el_before_av_textblock '><span class='hr-inner '><span class=\"hr-inner-style\"><\/span><\/span><\/div><br \/>\n<section  class='av_textblock_section av-kev8ndtt-6-d0c28c17108b2a16ef6626abc8a07f38'  itemscope=\"itemscope\" itemtype=\"https:\/\/schema.org\/BlogPosting\" itemprop=\"blogPost\" ><div class='avia_textblock'  itemprop=\"text\" ><h3><strong><b>ESV\u00d6 l\u00e4utet E-Sport Saison\u00a0\u00a0<\/b><\/strong><\/h3>\n<h1><strong>E-Sport WM und A1 Austrian eSports Festival im Sommer<\/strong><\/h1>\n<\/div><\/section><br \/>\n<section  class='av_textblock_section av-kev8ndtt-4-42408563705b75a0925386b275d0f5c9'  itemscope=\"itemscope\" itemtype=\"https:\/\/schema.org\/BlogPosting\" itemprop=\"blogPost\" ><div class='avia_textblock'  itemprop=\"text\" ><p><strong>Zusammenfassung:<\/strong><\/p>\n<ul>\n<li><strong>Vorstellung der Kapit\u00e4ne der E-Sport Nationalmannschaft in der Disziplin Counter Strike<\/strong><\/li>\n<li><strong>Vorbereitungen f\u00fcr E-Sport WM in Saudi-Arabien laufen auf Hochtouren <\/strong><\/li>\n<li><strong>A1 Austrian eSports Festival im Austria Center Vienna am 15. und 16. Juni<\/strong><\/li>\n<li><strong>M\u00f6glichkeit sich rund um das Thema Gaming und E-Sport live vor Ort zu informieren <\/strong><\/li>\n<li style=\"list-style-type: none;\"><\/li>\n<\/ul>\n<\/div><\/section><br \/>\n\n<style type=\"text\/css\" data-created_by=\"avia_inline_auto\" id=\"style-css-av-kev8myml-d6e30b3596712a6962d85029af0c5b91\">\n#top .av_textblock_section.av-kev8myml-d6e30b3596712a6962d85029af0c5b91 .avia_textblock{\ncolor:#0a0a0a;\n}\n<\/style>\n<section  class='av_textblock_section av-kev8myml-d6e30b3596712a6962d85029af0c5b91'  itemscope=\"itemscope\" itemtype=\"https:\/\/schema.org\/BlogPosting\" itemprop=\"blogPost\" ><div class='avia_textblock av_inherit_color'  itemprop=\"text\" ><p><em>Wien, 15. Mai 2024<\/em> | Der E-Sport Verband \u00d6sterreichs l\u00e4utet im Wiener Riesenrad die E-Sport-Saison ein. Mit der bevorstehenden E-Sport-WM in Saudi Arabien und dem bereits zum dritten Mal stattfindenden A1 Austrian eSports Festival im Austria Center Vienna (ACV) steht Gaming-Enthusiast:innen ein hei\u00dfer E-Sport-Sommer bevor.<\/p>\n<p>Der seit 2007 bestehende E-Sport Verband \u00d6sterreichs stellte aus diesem Anlass mit Karina \u201cFoxxy\u201d Anders und Georg \u201cfarmaG\u201d Bauer die beiden Kapit\u00e4ne der E-Sport Nationalmannschaft in der Disziplin Counter Strike vor. \u201eDie \u00f6sterreichische E-Sport Community bereitet sich derzeit intensiv auf die bevorstehende WM vor. Mit dem A1 Austrian eSports Festival findet ein Mega-Event rund um das Thema Gaming und E-Sport in Wien statt, bei dem wir alle Interessierten einladen, sich \u00fcber den \u00f6sterreichischen E-Sport live vor Ort zu informieren\u201d, sagt Stefan Baloh, Pr\u00e4sident des E-Sport Verband \u00d6sterreich. Bei der Veranstaltung am 15. und 16. Juni werden rund 20.000 Gaming-, E-Sport- und Spiele-Fans erwartet, die vor Ort die neuesten Games live ausprobieren und echten E-Sport Profis auf der B\u00fchne zujubeln k\u00f6nnen. Neben digitaler Action wird bei dem ebenfalls gleichzeitig im ACV stattfindenden Spielefest auch das Herz von klassischen Brett- und Gesellschaftsspiel-Fans h\u00f6herschlagen.<\/p>\n<p><strong>Hohe Ambitionen f\u00fcr die WM<\/strong><\/p>\n<p>Bei der diesmal in Saudi-Arabien stattfindenden E-Sport WM treten diverse \u00f6sterreichische Damen- und Herren-Nationalteams an. Die \u00f6sterreichischen Counter-Strike Nationalteams nahmen bereits 2022 an der WM in Bali teil. Mit Erfolg: Bis ins Achtelfinale hat es \u00d6sterreich damals geschafft und unter anderem die Favoriten aus den USA aus dem Turnier gekickt. Und auch heuer sind die Ambitionen gro\u00df.<\/p>\n<p>\u201eIch habe bereits in meiner Jugend angefangen Counter Strike zu spielen. Nun darf ich mit meinem Team f\u00fcr \u00d6sterreich bei der WM antreten\u201d, sagt Georg \u201cfarmaG\u201d Bauer, Kapit\u00e4n der \u00f6sterreichischen Herren-Nationalmannschaft in Counter-Strike.<\/p>\n<p>Mit seinem Team geh\u00f6rt Georg Bauer zu den besten Counter Strike Spielern im deutschsprachigen Raum und spielt in der ersten Counter Strike Liga, der <a href=\"https:\/\/dachcs.de\/\">DACH CS Masters<\/a>. Laut Bauer ist der Spielermarkt in \u00d6sterreich zwar nicht der gr\u00f6\u00dfte, aber \u201eman kennt sich untereinander\u201d. Derzeit ist er mit der Kaderauswahl besch\u00e4ftigt und will die besten und aktivsten Spieler f\u00fcr das \u00f6sterreichische Nationalteam vereinigen.<\/p>\n<p><strong>Vorbereitungen laufen auf Hochtouren<\/strong><\/p>\n<p>Auch Karina \u201cFoxxy\u201d Anders, Kapit\u00e4nin der \u00f6sterreichischen Damen-Nationalmannschaft in Counter Strike, blickt auf \u00fcber 17 Jahre Spielerfahrung zur\u00fcck. Derzeit steht laut ihr das Training bei beiden Nationalmannschaften an h\u00f6chster Stelle. \u201eWir trainieren momentan drei bis viermal pro Woche f\u00fcr jeweils drei Stunden. Hier werden Standardabl\u00e4ufe eintrainiert und diverse taktische Vorgehensweisen durchgespielt, bis sie zum Turnierstart wirklich sitzen\u201d. Karina Anders sieht den Wettbewerb in Counter Strike, trotz der teilweise sehr hohen Preisgelder in Saudi-Arabien, aber dennoch olympisch. Counter-Strike sei laut ihr eine mentale Herausforderung, bei der es \u2013 \u00e4hnlich wie bei Schach \u2013 auf das Spielniveau, den Charakter und den Ehrgeiz ankommt. \u201eMit stumpfen Herumschie\u00dfen ist man bei Counter-Strike sofort raus. Es geht vordergr\u00fcndig um Taktik, Kommunikation mit dem Team und um strategisches Denken\u201d, so Karina Anders abschlie\u00dfend.<\/p>\n<p>Mehr Informationen unter: <a href=\"https:\/\/esportsfestival.at\/\">esportsfestival.at<\/a> und <a href=\"https:\/\/esvoe.at\/\">esvoe.at<\/a><\/p>\n<p style=\"text-align: center;\"><strong>### ENDE ###<\/strong><\/p>\n<p><strong>\u00dcber den ESV\u00d6<br \/>\n<\/strong>Der Aufgabenbereich des E-Sport Verband \u00d6sterreich liegt seit seiner Gr\u00fcndung 2007 darin, den elektronischen Sport in all seinen Bereichen zu unterst\u00fctzen, die bereitstehenden Mittel bestm\u00f6glich zu nutzen, diese zu koordinieren und Ma\u00dfnahmen gegen\u00fcber der Gesellschaft und der Politik zu vertreten. Bei zahlreichen Gro\u00dfveranstaltungen \u00fcbernimmt der E-Sport Verband \u00d6sterreich operative Verantwortungsbereiche und schafft mit den lizenzierten Schiedsrichtern einen einheitlichen fl\u00e4chendeckenden Standard in \u00d6sterreich. Die Verbandszentrale befindet sich in Wien. Bisher sind rund 30 Vereine dem ESV\u00d6 beigetreten. Alle Funktion\u00e4re des E-Sport Verbands arbeiten ohne finanzielle Verg\u00fctung.<\/p>\n<p>Weitere Informationen finden Sie unter\u00a0<a href=\"http:\/\/www.esvoe.at\/\">www.esvoe.at<\/a><\/p>\n<p><strong>\u00dcber das A1 Austrian eSports Festival<br \/>\n<\/strong>Das A1 Austrian eSports Festival fand 2022 zum ersten Mal im Austria Center Vienna statt und ist seither das gr\u00f6\u00dfte Gaming- und E-Sport Event \u00d6sterreichs mit \u00fcber 6.000 Besucher:innen im Vorjahr. Mehr als 75 Aussteller bieten auf \u00fcber 10.000 m2 Fl\u00e4che in der mittlerweile dritten Auflage des Festivals am 15. \u2013 16. Juni 2024 zwei Tage voller Gaming- und E-Sport Action f\u00fcr die \u00f6sterreichische Gaming-Community sowie die ganze Familie. Zum ersten Mal findet dieses Jahr im Rahmen des A1 Austrian eSports Festivals ebenfalls das Spielefest Wien statt, das auf \u00fcber 750 Tischen einl\u00e4dt, auch analoge Spiele-Neuheiten zu testen oder alte Klassiker auszuprobieren.<\/p>\n<p>Weitere Informationen unter <a href=\"https:\/\/www.esportsfestival.at\/\">esportsfestival.at<\/a><\/p>\n<p><strong>Credits\/Copyright Bildmaterial<\/strong><br \/>\nAbdruck im Rahmen ihrer Berichterstattung honorarfrei (zeitlich unbeschr\u00e4nkt)<br \/>\n(Copyrights im Dateinamen)<\/p>\n<p>\u00a9 Florian Wieser<\/p>\n<p><strong>R\u00fcckfragehinweis Presseinformation<br \/>\n<\/strong>Mag. Karol Walter Nuhn<br \/>\nskyrocketX | Media Relations e.U.<br \/>\n+43 650 525 42 12<br \/>\n<a href=\"mailto:karol@skyrocketx.com\">karol [at]\u00a0 skyrocketx.com<\/a><br \/>\n<a href=\"https:\/\/www.skyrocketx.com\/\">www.skyrocketx.com<\/a><\/p>\n<p><strong>R\u00fcckfragehinweis ESV\u00d6<\/strong><\/p>\n<p>Manuel Haselberger<br \/>\nPressesprecher E-Sport Verband \u00d6sterreich<br \/>\n+43 676 74 81 881<br \/>\n<a href=\"mailto:mh@esvoe.at\">mh@esvoe.at<\/a><br \/>\n<a href=\"http:\/\/www.esvoe.at\/\">www.esvoe.at<\/a><\/p>\n<\/div><\/section><\/p><\/div>\n<style type=\"text\/css\" data-created_by=\"avia_inline_auto\" id=\"style-css-av-u0wp9g-549567f0d8aed56e47488cfd9d961896\">\n.flex_column.av-u0wp9g-549567f0d8aed56e47488cfd9d961896{\n-webkit-border-radius:0px 0px 0px 0px;\n-moz-border-radius:0px 0px 0px 0px;\nborder-radius:0px 0px 0px 0px;\npadding:0px 0px 0px 0px;\n}\n<\/style>\n<div class='flex_column av-u0wp9g-549567f0d8aed56e47488cfd9d961896 av_one_third  avia-builder-el-8  el_after_av_two_third  avia-builder-el-last  flex_column_div av-zero-column-padding '     ><style type=\"text\/css\" data-created_by=\"avia_inline_auto\" id=\"style-css-av-kev8myml-2-8943c0284a8649efa4d9e055a7da8464\">\n#top .av_textblock_section.av-kev8myml-2-8943c0284a8649efa4d9e055a7da8464 .avia_textblock{\ncolor:#0a0a0a;\n}\n<\/style>\n<section  class='av_textblock_section av-kev8myml-2-8943c0284a8649efa4d9e055a7da8464'  itemscope=\"itemscope\" itemtype=\"https:\/\/schema.org\/BlogPosting\" itemprop=\"blogPost\" ><div class='avia_textblock av_inherit_color'  itemprop=\"text\" ><h4>DOWNLOAD RELEASE<\/h4>\n<\/div><\/section><br \/>\n<section  class='av_textblock_section av-kev8ndtt-3-eabc98dbd025f4a13f90a5301cbad7fc'  itemscope=\"itemscope\" itemtype=\"https:\/\/schema.org\/BlogPosting\" itemprop=\"blogPost\" ><div class='avia_textblock'  itemprop=\"text\" ><p>All files (*zip) \u2013 6,8 MB<br \/>\n(docx, pdf, txt \u2013 72\/300dpi)<\/p>\n<\/div><\/section><br \/>\n<div  class='avia-button-wrap av-kpx3p8e7-d00c11eef0bc674e08d225d63403c6fc-wrap avia-button-left  avia-builder-el-11  el_after_av_textblock  el_before_av_hr '><a href='https:\/\/bit.ly\/E-Sport-sommer'  class='avia-button av-kpx3p8e7-d00c11eef0bc674e08d225d63403c6fc avia-icon_select-no avia-size-medium avia-position-left avia-color-theme-color'  ><span class='avia_iconbox_title' >Download Mediapack<\/span><\/a><\/div><br \/>\n\n<style type=\"text\/css\" data-created_by=\"avia_inline_auto\" id=\"style-css-av-ki4nmrzz-5-3d0ee25664057d3c322acc1ca2cdba8f\">\n#top .hr.hr-invisible.av-ki4nmrzz-5-3d0ee25664057d3c322acc1ca2cdba8f{\nheight:30px;\n}\n<\/style>\n<div  class='hr av-ki4nmrzz-5-3d0ee25664057d3c322acc1ca2cdba8f hr-invisible  avia-builder-el-12  el_after_av_button  el_before_av_gallery '><span class='hr-inner '><span class=\"hr-inner-style\"><\/span><\/span><\/div><br \/>\n\n<style type=\"text\/css\" data-created_by=\"avia_inline_auto\" id=\"style-css-av-kev8t7hl-5c26cc122917a79c6f3ee931f9fdd8c8\">\n#top .avia-gallery.av-kev8t7hl-5c26cc122917a79c6f3ee931f9fdd8c8 .avia-gallery-thumb a{\nwidth:33.3333%;\n}\n<\/style>\n<div  class='avia-gallery av-kev8t7hl-5c26cc122917a79c6f3ee931f9fdd8c8 avia_animate_when_visible  avia-builder-el-13  el_after_av_hr  el_before_av_textblock  avia_lazyload avia-gallery-animate avia-gallery-1'  itemprop=\"image\" itemscope=\"itemscope\" itemtype=\"https:\/\/schema.org\/ImageObject\" ><meta itemprop=\"contentURL\" content=\"https:\/\/www.skyrocketx.com\/en\/esvo-lautet-e-sport-saison-ein\/\"><a class='avia-gallery-big fakeLightbox lightbox avia-gallery-big-no-crop-thumb ' href=\"https:\/\/www.skyrocketx.com\/wp-content\/uploads\/2024\/05\/FWR52778_72dpi-1030x687.jpg\" data-srcset=\"https:\/\/www.skyrocketx.com\/wp-content\/uploads\/2024\/05\/FWR52778_72dpi-1030x687.jpg 1030w, https:\/\/www.skyrocketx.com\/wp-content\/uploads\/2024\/05\/FWR52778_72dpi-300x200.jpg 300w, https:\/\/www.skyrocketx.com\/wp-content\/uploads\/2024\/05\/FWR52778_72dpi-768x512.jpg 768w, https:\/\/www.skyrocketx.com\/wp-content\/uploads\/2024\/05\/FWR52778_72dpi-705x470.jpg 705w, https:\/\/www.skyrocketx.com\/wp-content\/uploads\/2024\/05\/FWR52778_72dpi.jpg 1280w\" data-sizes=\"(max-width: 1030px) 100vw, 1030px\"  data-onclick='1' title='Stefan Baloh (Pr\u00e4sident E-Sport Verband \u00d6sterreich), Marco Harfmann (Director Marketing Communications bei A1) und Susanne Baumann-S\u00f6llner (Vorst\u00e4ndin ACV)' ><span class='avia-gallery-big-inner'  itemprop=\"thumbnailUrl\" ><img decoding=\"async\" class=\"wp-image-14890 avia-img-lazy-loading-not-14890\"  width=\"705\" height=\"470\" src=\"https:\/\/www.skyrocketx.com\/wp-content\/uploads\/2024\/05\/FWR52778_72dpi-705x470.jpg\" title='Stefan Baloh (Pr\u00e4sident E-Sport Verband \u00d6sterreich), Marco Harfmann (Director Marketing Communications bei A1) und Susanne Baumann-S\u00f6llner (Vorst\u00e4ndin ACV)' alt='' srcset=\"https:\/\/www.skyrocketx.com\/wp-content\/uploads\/2024\/05\/FWR52778_72dpi-705x470.jpg 705w, https:\/\/www.skyrocketx.com\/wp-content\/uploads\/2024\/05\/FWR52778_72dpi-300x200.jpg 300w, https:\/\/www.skyrocketx.com\/wp-content\/uploads\/2024\/05\/FWR52778_72dpi-1030x687.jpg 1030w, https:\/\/www.skyrocketx.com\/wp-content\/uploads\/2024\/05\/FWR52778_72dpi-768x512.jpg 768w, https:\/\/www.skyrocketx.com\/wp-content\/uploads\/2024\/05\/FWR52778_72dpi.jpg 1280w\" sizes=\"(max-width: 705px) 100vw, 705px\" \/><span class='avia-gallery-caption'>Stefan Baloh (Pr\u00e4sident E-Sport Verband \u00d6sterreich), Marco Harfmann (Director Marketing Communications bei A1) und Susanne Baumann-S\u00f6llner (Vorst\u00e4ndin ACV)<\/span><\/span><\/a><div class='avia-gallery-thumb'><a href=\"https:\/\/www.skyrocketx.com\/wp-content\/uploads\/2024\/05\/FWR52778_72dpi-1030x687.jpg\" data-srcset=\"https:\/\/www.skyrocketx.com\/wp-content\/uploads\/2024\/05\/FWR52778_72dpi-1030x687.jpg 1030w, https:\/\/www.skyrocketx.com\/wp-content\/uploads\/2024\/05\/FWR52778_72dpi-300x200.jpg 300w, https:\/\/www.skyrocketx.com\/wp-content\/uploads\/2024\/05\/FWR52778_72dpi-768x512.jpg 768w, https:\/\/www.skyrocketx.com\/wp-content\/uploads\/2024\/05\/FWR52778_72dpi-705x470.jpg 705w, https:\/\/www.skyrocketx.com\/wp-content\/uploads\/2024\/05\/FWR52778_72dpi.jpg 1280w\" data-sizes=\"(max-width: 1030px) 100vw, 1030px\" data-rel='gallery-1' data-prev-img='https:\/\/www.skyrocketx.com\/wp-content\/uploads\/2024\/05\/FWR52778_72dpi-705x470.jpg' class='first_thumb lightbox ' data-onclick='1' title='Stefan Baloh (Pr\u00e4sident E-Sport Verband \u00d6sterreich), Marco Harfmann (Director Marketing Communications bei A1) und Susanne Baumann-S\u00f6llner (Vorst\u00e4ndin ACV)'  itemprop=\"thumbnailUrl\"  ><img decoding=\"async\" class=\"wp-image-14890 avia-img-lazy-loading-not-14890\"  data-avia-tooltip='Stefan Baloh (Pr\u00e4sident E-Sport Verband \u00d6sterreich), Marco Harfmann (Director Marketing Communications bei A1) und Susanne Baumann-S\u00f6llner (Vorst\u00e4ndin ACV)' src=\"https:\/\/www.skyrocketx.com\/wp-content\/uploads\/2024\/05\/FWR52778_72dpi-80x80.jpg\" width=\"80\" height=\"80\"  title='Stefan Baloh (Pr\u00e4sident E-Sport Verband \u00d6sterreich), Marco Harfmann (Director Marketing Communications bei A1) und Susanne Baumann-S\u00f6llner (Vorst\u00e4ndin ACV)' alt='' srcset=\"https:\/\/www.skyrocketx.com\/wp-content\/uploads\/2024\/05\/FWR52778_72dpi-80x80.jpg 80w, https:\/\/www.skyrocketx.com\/wp-content\/uploads\/2024\/05\/FWR52778_72dpi-36x36.jpg 36w, https:\/\/www.skyrocketx.com\/wp-content\/uploads\/2024\/05\/FWR52778_72dpi-180x180.jpg 180w\" sizes=\"(max-width: 80px) 100vw, 80px\" \/><div class='big-prev-fake'><img loading=\"lazy\" decoding=\"async\" class=\"wp-image-14890 avia-img-lazy-loading-14890\"  width=\"705\" height=\"470\" src=\"https:\/\/www.skyrocketx.com\/wp-content\/uploads\/2024\/05\/FWR52778_72dpi-705x470.jpg\" title='Stefan Baloh (Pr\u00e4sident E-Sport Verband \u00d6sterreich), Marco Harfmann (Director Marketing Communications bei A1) und Susanne Baumann-S\u00f6llner (Vorst\u00e4ndin ACV)' alt='' srcset=\"https:\/\/www.skyrocketx.com\/wp-content\/uploads\/2024\/05\/FWR52778_72dpi-705x470.jpg 705w, https:\/\/www.skyrocketx.com\/wp-content\/uploads\/2024\/05\/FWR52778_72dpi-300x200.jpg 300w, https:\/\/www.skyrocketx.com\/wp-content\/uploads\/2024\/05\/FWR52778_72dpi-1030x687.jpg 1030w, https:\/\/www.skyrocketx.com\/wp-content\/uploads\/2024\/05\/FWR52778_72dpi-768x512.jpg 768w, https:\/\/www.skyrocketx.com\/wp-content\/uploads\/2024\/05\/FWR52778_72dpi.jpg 1280w\" sizes=\"auto, (max-width: 705px) 100vw, 705px\" \/><\/div><\/a><a href=\"https:\/\/www.skyrocketx.com\/wp-content\/uploads\/2024\/05\/FWR52713_72dpi-1030x687.jpg\" data-srcset=\"https:\/\/www.skyrocketx.com\/wp-content\/uploads\/2024\/05\/FWR52713_72dpi-1030x687.jpg 1030w, https:\/\/www.skyrocketx.com\/wp-content\/uploads\/2024\/05\/FWR52713_72dpi-300x200.jpg 300w, https:\/\/www.skyrocketx.com\/wp-content\/uploads\/2024\/05\/FWR52713_72dpi-768x512.jpg 768w, https:\/\/www.skyrocketx.com\/wp-content\/uploads\/2024\/05\/FWR52713_72dpi-705x470.jpg 705w, https:\/\/www.skyrocketx.com\/wp-content\/uploads\/2024\/05\/FWR52713_72dpi.jpg 1280w\" data-sizes=\"(max-width: 1030px) 100vw, 1030px\" data-rel='gallery-1' data-prev-img='https:\/\/www.skyrocketx.com\/wp-content\/uploads\/2024\/05\/FWR52713_72dpi-705x470.jpg' class='lightbox ' data-onclick='2' title='FWR52713_72dpi'  itemprop=\"thumbnailUrl\"  ><img decoding=\"async\" class=\"wp-image-14888 avia-img-lazy-loading-not-14888\"   src=\"https:\/\/www.skyrocketx.com\/wp-content\/uploads\/2024\/05\/FWR52713_72dpi-80x80.jpg\" width=\"80\" height=\"80\"  title='FWR52713_72dpi' alt='' srcset=\"https:\/\/www.skyrocketx.com\/wp-content\/uploads\/2024\/05\/FWR52713_72dpi-80x80.jpg 80w, https:\/\/www.skyrocketx.com\/wp-content\/uploads\/2024\/05\/FWR52713_72dpi-36x36.jpg 36w, https:\/\/www.skyrocketx.com\/wp-content\/uploads\/2024\/05\/FWR52713_72dpi-180x180.jpg 180w\" sizes=\"(max-width: 80px) 100vw, 80px\" \/><div class='big-prev-fake'><img loading=\"lazy\" decoding=\"async\" class=\"wp-image-14888 avia-img-lazy-loading-14888\"  width=\"705\" height=\"470\" src=\"https:\/\/www.skyrocketx.com\/wp-content\/uploads\/2024\/05\/FWR52713_72dpi-705x470.jpg\" title='FWR52713_72dpi' alt='' srcset=\"https:\/\/www.skyrocketx.com\/wp-content\/uploads\/2024\/05\/FWR52713_72dpi-705x470.jpg 705w, https:\/\/www.skyrocketx.com\/wp-content\/uploads\/2024\/05\/FWR52713_72dpi-300x200.jpg 300w, https:\/\/www.skyrocketx.com\/wp-content\/uploads\/2024\/05\/FWR52713_72dpi-1030x687.jpg 1030w, https:\/\/www.skyrocketx.com\/wp-content\/uploads\/2024\/05\/FWR52713_72dpi-768x512.jpg 768w, https:\/\/www.skyrocketx.com\/wp-content\/uploads\/2024\/05\/FWR52713_72dpi.jpg 1280w\" sizes=\"auto, (max-width: 705px) 100vw, 705px\" \/><\/div><\/a><a href=\"https:\/\/www.skyrocketx.com\/wp-content\/uploads\/2024\/05\/FWR52679_72dpi-1030x687.jpg\" data-srcset=\"https:\/\/www.skyrocketx.com\/wp-content\/uploads\/2024\/05\/FWR52679_72dpi-1030x687.jpg 1030w, https:\/\/www.skyrocketx.com\/wp-content\/uploads\/2024\/05\/FWR52679_72dpi-300x200.jpg 300w, https:\/\/www.skyrocketx.com\/wp-content\/uploads\/2024\/05\/FWR52679_72dpi-768x512.jpg 768w, https:\/\/www.skyrocketx.com\/wp-content\/uploads\/2024\/05\/FWR52679_72dpi-705x470.jpg 705w, https:\/\/www.skyrocketx.com\/wp-content\/uploads\/2024\/05\/FWR52679_72dpi.jpg 1280w\" data-sizes=\"(max-width: 1030px) 100vw, 1030px\" data-rel='gallery-1' data-prev-img='https:\/\/www.skyrocketx.com\/wp-content\/uploads\/2024\/05\/FWR52679_72dpi-705x470.jpg' class='lightbox ' data-onclick='3' title='FWR52679_72dpi'  itemprop=\"thumbnailUrl\"  ><img decoding=\"async\" class=\"wp-image-14889 avia-img-lazy-loading-not-14889\"   src=\"https:\/\/www.skyrocketx.com\/wp-content\/uploads\/2024\/05\/FWR52679_72dpi-80x80.jpg\" width=\"80\" height=\"80\"  title='FWR52679_72dpi' alt='' srcset=\"https:\/\/www.skyrocketx.com\/wp-content\/uploads\/2024\/05\/FWR52679_72dpi-80x80.jpg 80w, https:\/\/www.skyrocketx.com\/wp-content\/uploads\/2024\/05\/FWR52679_72dpi-36x36.jpg 36w, https:\/\/www.skyrocketx.com\/wp-content\/uploads\/2024\/05\/FWR52679_72dpi-180x180.jpg 180w\" sizes=\"(max-width: 80px) 100vw, 80px\" \/><div class='big-prev-fake'><img loading=\"lazy\" decoding=\"async\" class=\"wp-image-14889 avia-img-lazy-loading-14889\"  width=\"705\" height=\"470\" src=\"https:\/\/www.skyrocketx.com\/wp-content\/uploads\/2024\/05\/FWR52679_72dpi-705x470.jpg\" title='FWR52679_72dpi' alt='' srcset=\"https:\/\/www.skyrocketx.com\/wp-content\/uploads\/2024\/05\/FWR52679_72dpi-705x470.jpg 705w, https:\/\/www.skyrocketx.com\/wp-content\/uploads\/2024\/05\/FWR52679_72dpi-300x200.jpg 300w, https:\/\/www.skyrocketx.com\/wp-content\/uploads\/2024\/05\/FWR52679_72dpi-1030x687.jpg 1030w, https:\/\/www.skyrocketx.com\/wp-content\/uploads\/2024\/05\/FWR52679_72dpi-768x512.jpg 768w, https:\/\/www.skyrocketx.com\/wp-content\/uploads\/2024\/05\/FWR52679_72dpi.jpg 1280w\" sizes=\"auto, (max-width: 705px) 100vw, 705px\" \/><\/div><\/a><a href=\"https:\/\/www.skyrocketx.com\/wp-content\/uploads\/2024\/05\/FWR52695_72dpi-1030x687.jpg\" data-srcset=\"https:\/\/www.skyrocketx.com\/wp-content\/uploads\/2024\/05\/FWR52695_72dpi-1030x687.jpg 1030w, https:\/\/www.skyrocketx.com\/wp-content\/uploads\/2024\/05\/FWR52695_72dpi-300x200.jpg 300w, https:\/\/www.skyrocketx.com\/wp-content\/uploads\/2024\/05\/FWR52695_72dpi-768x512.jpg 768w, https:\/\/www.skyrocketx.com\/wp-content\/uploads\/2024\/05\/FWR52695_72dpi-705x470.jpg 705w, https:\/\/www.skyrocketx.com\/wp-content\/uploads\/2024\/05\/FWR52695_72dpi.jpg 1280w\" data-sizes=\"(max-width: 1030px) 100vw, 1030px\" data-rel='gallery-1' data-prev-img='https:\/\/www.skyrocketx.com\/wp-content\/uploads\/2024\/05\/FWR52695_72dpi-705x470.jpg' class='first_thumb lightbox ' data-onclick='4' title='FWR52695_72dpi'  itemprop=\"thumbnailUrl\"  ><img decoding=\"async\" class=\"wp-image-14886 avia-img-lazy-loading-not-14886\"   src=\"https:\/\/www.skyrocketx.com\/wp-content\/uploads\/2024\/05\/FWR52695_72dpi-80x80.jpg\" width=\"80\" height=\"80\"  title='FWR52695_72dpi' alt='' srcset=\"https:\/\/www.skyrocketx.com\/wp-content\/uploads\/2024\/05\/FWR52695_72dpi-80x80.jpg 80w, https:\/\/www.skyrocketx.com\/wp-content\/uploads\/2024\/05\/FWR52695_72dpi-36x36.jpg 36w, https:\/\/www.skyrocketx.com\/wp-content\/uploads\/2024\/05\/FWR52695_72dpi-180x180.jpg 180w\" sizes=\"(max-width: 80px) 100vw, 80px\" \/><div class='big-prev-fake'><img loading=\"lazy\" decoding=\"async\" class=\"wp-image-14886 avia-img-lazy-loading-14886\"  width=\"705\" height=\"470\" src=\"https:\/\/www.skyrocketx.com\/wp-content\/uploads\/2024\/05\/FWR52695_72dpi-705x470.jpg\" title='FWR52695_72dpi' alt='' srcset=\"https:\/\/www.skyrocketx.com\/wp-content\/uploads\/2024\/05\/FWR52695_72dpi-705x470.jpg 705w, https:\/\/www.skyrocketx.com\/wp-content\/uploads\/2024\/05\/FWR52695_72dpi-300x200.jpg 300w, https:\/\/www.skyrocketx.com\/wp-content\/uploads\/2024\/05\/FWR52695_72dpi-1030x687.jpg 1030w, https:\/\/www.skyrocketx.com\/wp-content\/uploads\/2024\/05\/FWR52695_72dpi-768x512.jpg 768w, https:\/\/www.skyrocketx.com\/wp-content\/uploads\/2024\/05\/FWR52695_72dpi.jpg 1280w\" sizes=\"auto, (max-width: 705px) 100vw, 705px\" \/><\/div><\/a><a href=\"https:\/\/www.skyrocketx.com\/wp-content\/uploads\/2024\/05\/FWR52700_72dpi-1030x687.jpg\" data-srcset=\"https:\/\/www.skyrocketx.com\/wp-content\/uploads\/2024\/05\/FWR52700_72dpi-1030x687.jpg 1030w, https:\/\/www.skyrocketx.com\/wp-content\/uploads\/2024\/05\/FWR52700_72dpi-300x200.jpg 300w, https:\/\/www.skyrocketx.com\/wp-content\/uploads\/2024\/05\/FWR52700_72dpi-768x512.jpg 768w, https:\/\/www.skyrocketx.com\/wp-content\/uploads\/2024\/05\/FWR52700_72dpi-705x470.jpg 705w, https:\/\/www.skyrocketx.com\/wp-content\/uploads\/2024\/05\/FWR52700_72dpi.jpg 1280w\" data-sizes=\"(max-width: 1030px) 100vw, 1030px\" data-rel='gallery-1' data-prev-img='https:\/\/www.skyrocketx.com\/wp-content\/uploads\/2024\/05\/FWR52700_72dpi-705x470.jpg' class='lightbox ' data-onclick='5' title='FWR52700_72dpi'  itemprop=\"thumbnailUrl\"  ><img decoding=\"async\" class=\"wp-image-14887 avia-img-lazy-loading-not-14887\"   src=\"https:\/\/www.skyrocketx.com\/wp-content\/uploads\/2024\/05\/FWR52700_72dpi-80x80.jpg\" width=\"80\" height=\"80\"  title='FWR52700_72dpi' alt='' srcset=\"https:\/\/www.skyrocketx.com\/wp-content\/uploads\/2024\/05\/FWR52700_72dpi-80x80.jpg 80w, https:\/\/www.skyrocketx.com\/wp-content\/uploads\/2024\/05\/FWR52700_72dpi-36x36.jpg 36w, https:\/\/www.skyrocketx.com\/wp-content\/uploads\/2024\/05\/FWR52700_72dpi-180x180.jpg 180w\" sizes=\"(max-width: 80px) 100vw, 80px\" \/><div class='big-prev-fake'><img loading=\"lazy\" decoding=\"async\" class=\"wp-image-14887 avia-img-lazy-loading-14887\"  width=\"705\" height=\"470\" src=\"https:\/\/www.skyrocketx.com\/wp-content\/uploads\/2024\/05\/FWR52700_72dpi-705x470.jpg\" title='FWR52700_72dpi' alt='' srcset=\"https:\/\/www.skyrocketx.com\/wp-content\/uploads\/2024\/05\/FWR52700_72dpi-705x470.jpg 705w, https:\/\/www.skyrocketx.com\/wp-content\/uploads\/2024\/05\/FWR52700_72dpi-300x200.jpg 300w, https:\/\/www.skyrocketx.com\/wp-content\/uploads\/2024\/05\/FWR52700_72dpi-1030x687.jpg 1030w, https:\/\/www.skyrocketx.com\/wp-content\/uploads\/2024\/05\/FWR52700_72dpi-768x512.jpg 768w, https:\/\/www.skyrocketx.com\/wp-content\/uploads\/2024\/05\/FWR52700_72dpi.jpg 1280w\" sizes=\"auto, (max-width: 705px) 100vw, 705px\" \/><\/div><\/a><\/div><\/div><br \/>\n<section  class='av_textblock_section av-kev8ndtt-1-971398b46cf49693e250681a605f31c3'  itemscope=\"itemscope\" itemtype=\"https:\/\/schema.org\/BlogPosting\" itemprop=\"blogPost\" ><div class='avia_textblock'  itemprop=\"text\" ><p><strong>Copyright information<\/strong><\/p>\n<p style=\"font-size: 12px;\">Abdruck im Rahmen ihrer Berichterstattung honorarfrei (zeitlich unbeschr\u00e4nkt)<br \/>\n\u00a9 Florian Wieser<\/p>\n<p style=\"font-size: 12px;\">Publication, duplication and printing of the text and picture material sent with the report in the course of their reporting are <span style=\"color: #007dac;\">permitted without restrictions<\/span>. We ask for consideration of any picture credits. The rights of use of the material sent with the report are valid for an unlimited period of time.<\/p>\n<p style=\"font-size: 12px;\">Reprint free of charge.<\/p>\n<\/div><\/section><\/p><\/div><\/p>\n","protected":false},"excerpt":{"rendered":"<p>Der E-Sport Verband \u00d6sterreichs l\u00e4utet im Wiener Riesenrad die E-Sport-Saison ein. Mit der bevorstehenden E-Sport-WM in Saudi Arabien und dem bereits zum dritten Mal stattfindenden A1 Austrian eSports Festival im Austria Center Vienna (ACV) steht Gaming-Enthusiast:innen ein hei\u00dfer E-Sport-Sommer bevor. Der seit 2007 bestehende E-Sport Verband \u00d6sterreichs stellte aus diesem Anlass mit Karina \u201cFoxxy\u201d Anders und Georg \u201cfarmaG\u201d Bauer die beiden Kapit\u00e4ne der E-Sport Nationalmannschaft in der Disziplin Counter Strike vor.<\/p>\n","protected":false},"author":1,"featured_media":14885,"comment_status":"closed","ping_status":"open","sticky":false,"template":"","format":"standard","meta":{"footnotes":""},"categories":[85,86,66,16,45,67],"tags":[104,80],"class_list":["post-14883","post","type-post","status-publish","format-standard","has-post-thumbnail","hentry","category-esvo","category-esvoe","category-news-de","category-news","category-press-release","category-pressemeldungen","tag-e-sport","tag-esports"],"yoast_head":"<!-- This site is optimized with the Yoast SEO plugin v24.0 - https:\/\/yoast.com\/wordpress\/plugins\/seo\/ -->\n<title>E-Sport WM und A1 Austrian eSports Festival im Sommer | skyrocketX | Public Relations - PR Agentur in Wien<\/title>\n<meta name=\"description\" content=\"Der E-Sport Verband \u00d6sterreichs l\u00e4utet im Wiener Riesenrad die E-Sport-Saison ein. Mit der bevorstehenden E-Sport-WM in Saudi Arabien und dem bereits zum dritten Mal stattfindenden A1 Austrian eSports Festival im Austria Center Vienna (ACV) steht Gaming-Enthusiast:innen ein hei\u00dfer E-Sport-Sommer bevor. Der seit 2007 bestehende E-Sport Verband \u00d6sterreichs stellte aus diesem Anlass mit Karina \u201cFoxxy\u201d Anders und Georg \u201cfarmaG\u201d Bauer die beiden Kapit\u00e4ne der E-Sport Nationalmannschaft in der Disziplin Counter Strike vor.\" \/>\n<meta name=\"robots\" content=\"index, follow, max-snippet:-1, max-image-preview:large, max-video-preview:-1\" \/>\n<link rel=\"canonical\" href=\"https:\/\/www.skyrocketx.com\/en\/esvo-lautet-e-sport-saison-ein\/\" \/>\n<meta property=\"og:locale\" content=\"en_US\" \/>\n<meta property=\"og:type\" content=\"article\" \/>\n<meta property=\"og:title\" content=\"ESV\u00d6 l\u00e4utet E-Sport Saison ein\" \/>\n<meta property=\"og:description\" content=\"Der E-Sport Verband \u00d6sterreichs l\u00e4utet im Wiener Riesenrad die E-Sport-Saison ein. Mit der bevorstehenden E-Sport-WM in Saudi Arabien und dem bereits zum dritten Mal stattfindenden A1 Austrian eSports Festival im Austria Center Vienna (ACV) steht Gaming-Enthusiast:innen ein hei\u00dfer E-Sport-Sommer bevor. Der seit 2007 bestehende E-Sport Verband \u00d6sterreichs stellte aus diesem Anlass mit Karina \u201cFoxxy\u201d Anders und Georg \u201cfarmaG\u201d Bauer die beiden Kapit\u00e4ne der E-Sport Nationalmannschaft in der Disziplin Counter Strike vor.\" \/>\n<meta property=\"og:url\" content=\"https:\/\/www.skyrocketx.com\/en\/esvo-lautet-e-sport-saison-ein\/\" \/>\n<meta property=\"og:site_name\" content=\"skyrocketX | Public Relations - PR Agentur in Wien\" \/>\n<meta property=\"article:publisher\" content=\"https:\/\/www.facebook.com\/skyrocketxcom\" \/>\n<meta property=\"article:published_time\" content=\"2024-05-15T07:24:31+00:00\" \/>\n<meta property=\"article:modified_time\" content=\"2024-05-15T07:24:33+00:00\" \/>\n<meta property=\"og:image\" content=\"https:\/\/www.skyrocketx.com\/wp-content\/uploads\/2024\/05\/skyrocketx_newsblog_featured_e-sport_.jpg\" \/>\n\t<meta property=\"og:image:width\" content=\"756\" \/>\n\t<meta property=\"og:image:height\" content=\"611\" \/>\n\t<meta property=\"og:image:type\" content=\"image\/jpeg\" \/>\n<meta name=\"author\" content=\"admin\" \/>\n<meta name=\"twitter:card\" content=\"summary_large_image\" \/>\n<meta name=\"twitter:title\" content=\"ESV\u00d6 l\u00e4utet E-Sport Saison ein\" \/>\n<meta name=\"twitter:description\" content=\"Der E-Sport Verband \u00d6sterreichs l\u00e4utet im Wiener Riesenrad die E-Sport-Saison ein. Mit der bevorstehenden E-Sport-WM in Saudi Arabien und dem bereits zum dritten Mal stattfindenden A1 Austrian eSports Festival im Austria Center Vienna (ACV) steht Gaming-Enthusiast:innen ein hei\u00dfer E-Sport-Sommer bevor. Der seit 2007 bestehende E-Sport Verband \u00d6sterreichs stellte aus diesem Anlass mit Karina \u201cFoxxy\u201d Anders und Georg \u201cfarmaG\u201d Bauer die beiden Kapit\u00e4ne der E-Sport Nationalmannschaft in der Disziplin Counter Strike vor.\" \/>\n<meta name=\"twitter:image\" content=\"https:\/\/www.skyrocketx.com\/wp-content\/uploads\/2024\/05\/skyrocketx_newsblog_featured_e-sport_.jpg\" \/>\n<meta name=\"twitter:creator\" content=\"@skyrocket_X\" \/>\n<meta name=\"twitter:site\" content=\"@skyrocket_X\" \/>\n<meta name=\"twitter:label1\" content=\"Written by\" \/>\n\t<meta name=\"twitter:data1\" content=\"admin\" \/>\n\t<meta name=\"twitter:label2\" content=\"Est. reading time\" \/>\n\t<meta name=\"twitter:data2\" content=\"7 minutes\" \/>\n<script type=\"application\/ld+json\" class=\"yoast-schema-graph\">{\"@context\":\"https:\/\/schema.org\",\"@graph\":[{\"@type\":\"Article\",\"@id\":\"https:\/\/www.skyrocketx.com\/en\/esvo-lautet-e-sport-saison-ein\/#article\",\"isPartOf\":{\"@id\":\"https:\/\/www.skyrocketx.com\/en\/esvo-lautet-e-sport-saison-ein\/\"},\"author\":{\"name\":\"admin\",\"@id\":\"https:\/\/www.skyrocketx.com\/en\/#\/schema\/person\/35d231a56fda9734193469db805dc908\"},\"headline\":\"E-Sport WM und A1 Austrian eSports Festival im Sommer\",\"datePublished\":\"2024-05-15T07:24:31+00:00\",\"dateModified\":\"2024-05-15T07:24:33+00:00\",\"mainEntityOfPage\":{\"@id\":\"https:\/\/www.skyrocketx.com\/en\/esvo-lautet-e-sport-saison-ein\/\"},\"wordCount\":2042,\"publisher\":{\"@id\":\"https:\/\/www.skyrocketx.com\/en\/#organization\"},\"image\":{\"@id\":\"https:\/\/www.skyrocketx.com\/en\/esvo-lautet-e-sport-saison-ein\/#primaryimage\"},\"thumbnailUrl\":\"https:\/\/www.skyrocketx.com\/wp-content\/uploads\/2024\/05\/skyrocketx_newsblog_featured_e-sport_.jpg\",\"keywords\":[\"e-sport\",\"eSports\"],\"articleSection\":[\"ESV\u00d6\",\"ESV\u00d6\",\"News\",\"News\",\"Press Release\",\"Pressemeldung\"],\"inLanguage\":\"en-US\"},{\"@type\":\"WebPage\",\"@id\":\"https:\/\/www.skyrocketx.com\/en\/esvo-lautet-e-sport-saison-ein\/\",\"url\":\"https:\/\/www.skyrocketx.com\/en\/esvo-lautet-e-sport-saison-ein\/\",\"name\":\"E-Sport WM und A1 Austrian eSports Festival im Sommer | skyrocketX | Public Relations - PR Agentur in Wien\",\"isPartOf\":{\"@id\":\"https:\/\/www.skyrocketx.com\/en\/#website\"},\"primaryImageOfPage\":{\"@id\":\"https:\/\/www.skyrocketx.com\/en\/esvo-lautet-e-sport-saison-ein\/#primaryimage\"},\"image\":{\"@id\":\"https:\/\/www.skyrocketx.com\/en\/esvo-lautet-e-sport-saison-ein\/#primaryimage\"},\"thumbnailUrl\":\"https:\/\/www.skyrocketx.com\/wp-content\/uploads\/2024\/05\/skyrocketx_newsblog_featured_e-sport_.jpg\",\"datePublished\":\"2024-05-15T07:24:31+00:00\",\"dateModified\":\"2024-05-15T07:24:33+00:00\",\"description\":\"Der E-Sport Verband \u00d6sterreichs l\u00e4utet im Wiener Riesenrad die E-Sport-Saison ein. Mit der bevorstehenden E-Sport-WM in Saudi Arabien und dem bereits zum dritten Mal stattfindenden A1 Austrian eSports Festival im Austria Center Vienna (ACV) steht Gaming-Enthusiast:innen ein hei\u00dfer E-Sport-Sommer bevor. Der seit 2007 bestehende E-Sport Verband \u00d6sterreichs stellte aus diesem Anlass mit Karina \u201cFoxxy\u201d Anders und Georg \u201cfarmaG\u201d Bauer die beiden Kapit\u00e4ne der E-Sport Nationalmannschaft in der Disziplin Counter Strike vor.\",\"breadcrumb\":{\"@id\":\"https:\/\/www.skyrocketx.com\/en\/esvo-lautet-e-sport-saison-ein\/#breadcrumb\"},\"inLanguage\":\"en-US\",\"potentialAction\":[{\"@type\":\"ReadAction\",\"target\":[\"https:\/\/www.skyrocketx.com\/en\/esvo-lautet-e-sport-saison-ein\/\"]}]},{\"@type\":\"ImageObject\",\"inLanguage\":\"en-US\",\"@id\":\"https:\/\/www.skyrocketx.com\/en\/esvo-lautet-e-sport-saison-ein\/#primaryimage\",\"url\":\"https:\/\/www.skyrocketx.com\/wp-content\/uploads\/2024\/05\/skyrocketx_newsblog_featured_e-sport_.jpg\",\"contentUrl\":\"https:\/\/www.skyrocketx.com\/wp-content\/uploads\/2024\/05\/skyrocketx_newsblog_featured_e-sport_.jpg\",\"width\":756,\"height\":611},{\"@type\":\"BreadcrumbList\",\"@id\":\"https:\/\/www.skyrocketx.com\/en\/esvo-lautet-e-sport-saison-ein\/#breadcrumb\",\"itemListElement\":[{\"@type\":\"ListItem\",\"position\":1,\"name\":\"Home\",\"item\":\"https:\/\/www.skyrocketx.com\/en\/skyrocketx-pr-agentur-in-wien\/\"},{\"@type\":\"ListItem\",\"position\":2,\"name\":\"E-Sport WM und A1 Austrian eSports Festival im Sommer\"}]},{\"@type\":\"WebSite\",\"@id\":\"https:\/\/www.skyrocketx.com\/en\/#website\",\"url\":\"https:\/\/www.skyrocketx.com\/en\/\",\"name\":\"skyrocketX | Public Relations | PR Agentur in Wien\",\"description\":\"We support your company in all communication agendas \u2013 no matter whether you are a startup or an international corporation.\",\"publisher\":{\"@id\":\"https:\/\/www.skyrocketx.com\/en\/#organization\"},\"potentialAction\":[{\"@type\":\"SearchAction\",\"target\":{\"@type\":\"EntryPoint\",\"urlTemplate\":\"https:\/\/www.skyrocketx.com\/en\/?s={search_term_string}\"},\"query-input\":{\"@type\":\"PropertyValueSpecification\",\"valueRequired\":true,\"valueName\":\"search_term_string\"}}],\"inLanguage\":\"en-US\"},{\"@type\":\"Organization\",\"@id\":\"https:\/\/www.skyrocketx.com\/en\/#organization\",\"name\":\"skyrocketX communications & media relations\",\"url\":\"https:\/\/www.skyrocketx.com\/en\/\",\"logo\":{\"@type\":\"ImageObject\",\"inLanguage\":\"en-US\",\"@id\":\"https:\/\/www.skyrocketx.com\/en\/#\/schema\/logo\/image\/\",\"url\":\"https:\/\/www.skyrocketx.com\/wp-content\/uploads\/2021\/03\/skyrocketx_pr_agentur_wien_300x200.png\",\"contentUrl\":\"https:\/\/www.skyrocketx.com\/wp-content\/uploads\/2021\/03\/skyrocketx_pr_agentur_wien_300x200.png\",\"width\":300,\"height\":200,\"caption\":\"skyrocketX communications & media relations\"},\"image\":{\"@id\":\"https:\/\/www.skyrocketx.com\/en\/#\/schema\/logo\/image\/\"},\"sameAs\":[\"https:\/\/www.facebook.com\/skyrocketxcom\",\"https:\/\/x.com\/skyrocket_X\",\"https:\/\/www.linkedin.com\/in\/karolwalter\/\"]},{\"@type\":\"Person\",\"@id\":\"https:\/\/www.skyrocketx.com\/en\/#\/schema\/person\/35d231a56fda9734193469db805dc908\",\"name\":\"admin\"}]}<\/script>\n<!-- \/ Yoast SEO plugin. -->","yoast_head_json":{"title":"E-Sport WM und A1 Austrian eSports Festival im Sommer | skyrocketX | Public Relations - PR Agentur in Wien","description":"Der E-Sport Verband \u00d6sterreichs l\u00e4utet im Wiener Riesenrad die E-Sport-Saison ein. Mit der bevorstehenden E-Sport-WM in Saudi Arabien und dem bereits zum dritten Mal stattfindenden A1 Austrian eSports Festival im Austria Center Vienna (ACV) steht Gaming-Enthusiast:innen ein hei\u00dfer E-Sport-Sommer bevor. Der seit 2007 bestehende E-Sport Verband \u00d6sterreichs stellte aus diesem Anlass mit Karina \u201cFoxxy\u201d Anders und Georg \u201cfarmaG\u201d Bauer die beiden Kapit\u00e4ne der E-Sport Nationalmannschaft in der Disziplin Counter Strike vor.","robots":{"index":"index","follow":"follow","max-snippet":"max-snippet:-1","max-image-preview":"max-image-preview:large","max-video-preview":"max-video-preview:-1"},"canonical":"https:\/\/www.skyrocketx.com\/en\/esvo-lautet-e-sport-saison-ein\/","og_locale":"en_US","og_type":"article","og_title":"ESV\u00d6 l\u00e4utet E-Sport Saison ein","og_description":"Der E-Sport Verband \u00d6sterreichs l\u00e4utet im Wiener Riesenrad die E-Sport-Saison ein. Mit der bevorstehenden E-Sport-WM in Saudi Arabien und dem bereits zum dritten Mal stattfindenden A1 Austrian eSports Festival im Austria Center Vienna (ACV) steht Gaming-Enthusiast:innen ein hei\u00dfer E-Sport-Sommer bevor. Der seit 2007 bestehende E-Sport Verband \u00d6sterreichs stellte aus diesem Anlass mit Karina \u201cFoxxy\u201d Anders und Georg \u201cfarmaG\u201d Bauer die beiden Kapit\u00e4ne der E-Sport Nationalmannschaft in der Disziplin Counter Strike vor.","og_url":"https:\/\/www.skyrocketx.com\/en\/esvo-lautet-e-sport-saison-ein\/","og_site_name":"skyrocketX | Public Relations - PR Agentur in Wien","article_publisher":"https:\/\/www.facebook.com\/skyrocketxcom","article_published_time":"2024-05-15T07:24:31+00:00","article_modified_time":"2024-05-15T07:24:33+00:00","og_image":[{"width":756,"height":611,"url":"https:\/\/www.skyrocketx.com\/wp-content\/uploads\/2024\/05\/skyrocketx_newsblog_featured_e-sport_.jpg","type":"image\/jpeg"}],"author":"admin","twitter_card":"summary_large_image","twitter_title":"ESV\u00d6 l\u00e4utet E-Sport Saison ein","twitter_description":"Der E-Sport Verband \u00d6sterreichs l\u00e4utet im Wiener Riesenrad die E-Sport-Saison ein. Mit der bevorstehenden E-Sport-WM in Saudi Arabien und dem bereits zum dritten Mal stattfindenden A1 Austrian eSports Festival im Austria Center Vienna (ACV) steht Gaming-Enthusiast:innen ein hei\u00dfer E-Sport-Sommer bevor. Der seit 2007 bestehende E-Sport Verband \u00d6sterreichs stellte aus diesem Anlass mit Karina \u201cFoxxy\u201d Anders und Georg \u201cfarmaG\u201d Bauer die beiden Kapit\u00e4ne der E-Sport Nationalmannschaft in der Disziplin Counter Strike vor.","twitter_image":"https:\/\/www.skyrocketx.com\/wp-content\/uploads\/2024\/05\/skyrocketx_newsblog_featured_e-sport_.jpg","twitter_creator":"@skyrocket_X","twitter_site":"@skyrocket_X","twitter_misc":{"Written by":"admin","Est. reading time":"7 minutes"},"schema":{"@context":"https:\/\/schema.org","@graph":[{"@type":"Article","@id":"https:\/\/www.skyrocketx.com\/en\/esvo-lautet-e-sport-saison-ein\/#article","isPartOf":{"@id":"https:\/\/www.skyrocketx.com\/en\/esvo-lautet-e-sport-saison-ein\/"},"author":{"name":"admin","@id":"https:\/\/www.skyrocketx.com\/en\/#\/schema\/person\/35d231a56fda9734193469db805dc908"},"headline":"E-Sport WM und A1 Austrian eSports Festival im Sommer","datePublished":"2024-05-15T07:24:31+00:00","dateModified":"2024-05-15T07:24:33+00:00","mainEntityOfPage":{"@id":"https:\/\/www.skyrocketx.com\/en\/esvo-lautet-e-sport-saison-ein\/"},"wordCount":2042,"publisher":{"@id":"https:\/\/www.skyrocketx.com\/en\/#organization"},"image":{"@id":"https:\/\/www.skyrocketx.com\/en\/esvo-lautet-e-sport-saison-ein\/#primaryimage"},"thumbnailUrl":"https:\/\/www.skyrocketx.com\/wp-content\/uploads\/2024\/05\/skyrocketx_newsblog_featured_e-sport_.jpg","keywords":["e-sport","eSports"],"articleSection":["ESV\u00d6","ESV\u00d6","News","News","Press Release","Pressemeldung"],"inLanguage":"en-US"},{"@type":"WebPage","@id":"https:\/\/www.skyrocketx.com\/en\/esvo-lautet-e-sport-saison-ein\/","url":"https:\/\/www.skyrocketx.com\/en\/esvo-lautet-e-sport-saison-ein\/","name":"E-Sport WM und A1 Austrian eSports Festival im Sommer | skyrocketX | Public Relations - PR Agentur in Wien","isPartOf":{"@id":"https:\/\/www.skyrocketx.com\/en\/#website"},"primaryImageOfPage":{"@id":"https:\/\/www.skyrocketx.com\/en\/esvo-lautet-e-sport-saison-ein\/#primaryimage"},"image":{"@id":"https:\/\/www.skyrocketx.com\/en\/esvo-lautet-e-sport-saison-ein\/#primaryimage"},"thumbnailUrl":"https:\/\/www.skyrocketx.com\/wp-content\/uploads\/2024\/05\/skyrocketx_newsblog_featured_e-sport_.jpg","datePublished":"2024-05-15T07:24:31+00:00","dateModified":"2024-05-15T07:24:33+00:00","description":"Der E-Sport Verband \u00d6sterreichs l\u00e4utet im Wiener Riesenrad die E-Sport-Saison ein. Mit der bevorstehenden E-Sport-WM in Saudi Arabien und dem bereits zum dritten Mal stattfindenden A1 Austrian eSports Festival im Austria Center Vienna (ACV) steht Gaming-Enthusiast:innen ein hei\u00dfer E-Sport-Sommer bevor. Der seit 2007 bestehende E-Sport Verband \u00d6sterreichs stellte aus diesem Anlass mit Karina \u201cFoxxy\u201d Anders und Georg \u201cfarmaG\u201d Bauer die beiden Kapit\u00e4ne der E-Sport Nationalmannschaft in der Disziplin Counter Strike vor.","breadcrumb":{"@id":"https:\/\/www.skyrocketx.com\/en\/esvo-lautet-e-sport-saison-ein\/#breadcrumb"},"inLanguage":"en-US","potentialAction":[{"@type":"ReadAction","target":["https:\/\/www.skyrocketx.com\/en\/esvo-lautet-e-sport-saison-ein\/"]}]},{"@type":"ImageObject","inLanguage":"en-US","@id":"https:\/\/www.skyrocketx.com\/en\/esvo-lautet-e-sport-saison-ein\/#primaryimage","url":"https:\/\/www.skyrocketx.com\/wp-content\/uploads\/2024\/05\/skyrocketx_newsblog_featured_e-sport_.jpg","contentUrl":"https:\/\/www.skyrocketx.com\/wp-content\/uploads\/2024\/05\/skyrocketx_newsblog_featured_e-sport_.jpg","width":756,"height":611},{"@type":"BreadcrumbList","@id":"https:\/\/www.skyrocketx.com\/en\/esvo-lautet-e-sport-saison-ein\/#breadcrumb","itemListElement":[{"@type":"ListItem","position":1,"name":"Home","item":"https:\/\/www.skyrocketx.com\/en\/skyrocketx-pr-agentur-in-wien\/"},{"@type":"ListItem","position":2,"name":"E-Sport WM und A1 Austrian eSports Festival im Sommer"}]},{"@type":"WebSite","@id":"https:\/\/www.skyrocketx.com\/en\/#website","url":"https:\/\/www.skyrocketx.com\/en\/","name":"skyrocketX | Public Relations | PR Agentur in Wien","description":"We support your company in all communication agendas \u2013 no matter whether you are a startup or an international corporation.","publisher":{"@id":"https:\/\/www.skyrocketx.com\/en\/#organization"},"potentialAction":[{"@type":"SearchAction","target":{"@type":"EntryPoint","urlTemplate":"https:\/\/www.skyrocketx.com\/en\/?s={search_term_string}"},"query-input":{"@type":"PropertyValueSpecification","valueRequired":true,"valueName":"search_term_string"}}],"inLanguage":"en-US"},{"@type":"Organization","@id":"https:\/\/www.skyrocketx.com\/en\/#organization","name":"skyrocketX communications & media relations","url":"https:\/\/www.skyrocketx.com\/en\/","logo":{"@type":"ImageObject","inLanguage":"en-US","@id":"https:\/\/www.skyrocketx.com\/en\/#\/schema\/logo\/image\/","url":"https:\/\/www.skyrocketx.com\/wp-content\/uploads\/2021\/03\/skyrocketx_pr_agentur_wien_300x200.png","contentUrl":"https:\/\/www.skyrocketx.com\/wp-content\/uploads\/2021\/03\/skyrocketx_pr_agentur_wien_300x200.png","width":300,"height":200,"caption":"skyrocketX communications & media relations"},"image":{"@id":"https:\/\/www.skyrocketx.com\/en\/#\/schema\/logo\/image\/"},"sameAs":["https:\/\/www.facebook.com\/skyrocketxcom","https:\/\/x.com\/skyrocket_X","https:\/\/www.linkedin.com\/in\/karolwalter\/"]},{"@type":"Person","@id":"https:\/\/www.skyrocketx.com\/en\/#\/schema\/person\/35d231a56fda9734193469db805dc908","name":"admin"}]}},"_links":{"self":[{"href":"https:\/\/www.skyrocketx.com\/en\/wp-json\/wp\/v2\/posts\/14883","targetHints":{"allow":["GET"]}}],"collection":[{"href":"https:\/\/www.skyrocketx.com\/en\/wp-json\/wp\/v2\/posts"}],"about":[{"href":"https:\/\/www.skyrocketx.com\/en\/wp-json\/wp\/v2\/types\/post"}],"author":[{"embeddable":true,"href":"https:\/\/www.skyrocketx.com\/en\/wp-json\/wp\/v2\/users\/1"}],"replies":[{"embeddable":true,"href":"https:\/\/www.skyrocketx.com\/en\/wp-json\/wp\/v2\/comments?post=14883"}],"version-history":[{"count":1,"href":"https:\/\/www.skyrocketx.com\/en\/wp-json\/wp\/v2\/posts\/14883\/revisions"}],"predecessor-version":[{"id":14891,"href":"https:\/\/www.skyrocketx.com\/en\/wp-json\/wp\/v2\/posts\/14883\/revisions\/14891"}],"wp:featuredmedia":[{"embeddable":true,"href":"https:\/\/www.skyrocketx.com\/en\/wp-json\/wp\/v2\/media\/14885"}],"wp:attachment":[{"href":"https:\/\/www.skyrocketx.com\/en\/wp-json\/wp\/v2\/media?parent=14883"}],"wp:term":[{"taxonomy":"category","embeddable":true,"href":"https:\/\/www.skyrocketx.com\/en\/wp-json\/wp\/v2\/categories?post=14883"},{"taxonomy":"post_tag","embeddable":true,"href":"https:\/\/www.skyrocketx.com\/en\/wp-json\/wp\/v2\/tags?post=14883"}],"curies":[{"name":"wp","href":"https:\/\/api.w.org\/{rel}","templated":true}]}}